{"id":31334,"date":"2022-07-21T11:28:46","date_gmt":"2022-07-21T09:28:46","guid":{"rendered":"https:\/\/vandoren.fr\/?p=31334"},"modified":"2025-02-27T12:23:21","modified_gmt":"2025-02-27T11:23:21","slug":"florent-heau-et-les-bons-becs-interview","status":"publish","type":"post","link":"https:\/\/vandoren.fr\/fr\/florent-heau-et-les-bons-becs-interview\/","title":{"rendered":"Florent H\u00e9au et Les Bons Becs : interview"},"content":{"rendered":"\t\t<div data-elementor-type=\"wp-post\" data-elementor-id=\"31334\" class=\"elementor elementor-31334\" data-elementor-post-type=\"post\">\n\t\t\t\t\t\t<section class=\"elementor-section elementor-top-section elementor-element elementor-element-97a3156 elementor-section-boxed elementor-section-height-default elementor-section-height-default\" data-id=\"97a3156\" data-element_type=\"section\" data-e-type=\"section\">\n\t\t\t\t\t\t<div class=\"elementor-container elementor-column-gap-default\">\n\t\t\t\t\t<div class=\"elementor-column elementor-col-100 elementor-top-column elementor-element elementor-element-d90bf14\" data-id=\"d90bf14\" data-element_type=\"column\" data-e-type=\"column\">\n\t\t\t<div class=\"elementor-widget-wrap elementor-element-populated\">\n\t\t\t\t\t\t<div class=\"elementor-element elementor-element-c479faf elementor-widget elementor-widget-image\" data-id=\"c479faf\" data-element_type=\"widget\" data-e-type=\"widget\" data-widget_type=\"image.default\">\n\t\t\t\t<div class=\"elementor-widget-container\">\n\t\t\t\t\t\t\t\t\t\t\t\t\t\t\t<img fetchpriority=\"high\" decoding=\"async\" width=\"876\" height=\"401\" src=\"https:\/\/vandoren.fr\/wp-content\/uploads\/2022\/07\/florent-heau.jpg\" class=\"attachment-large size-large wp-image-32814\" alt=\"\" srcset=\"https:\/\/vandoren.fr\/wp-content\/uploads\/2022\/07\/florent-heau.jpg 876w, https:\/\/vandoren.fr\/wp-content\/uploads\/2022\/07\/florent-heau-300x137.jpg 300w, https:\/\/vandoren.fr\/wp-content\/uploads\/2022\/07\/florent-heau-768x352.jpg 768w\" sizes=\"(max-width: 876px) 100vw, 876px\" \/>\t\t\t\t\t\t\t\t\t\t\t\t\t\t\t<\/div>\n\t\t\t\t<\/div>\n\t\t\t\t<div class=\"elementor-element elementor-element-bc0f47c elementor-widget elementor-widget-text-editor\" data-id=\"bc0f47c\" data-element_type=\"widget\" data-e-type=\"widget\" data-widget_type=\"text-editor.default\">\n\t\t\t\t<div class=\"elementor-widget-container\">\n\t\t\t\t\t\t\t\t\t<h6 style=\"text-align: center;\">Cr\u00e9dit photo : Jean-Marc Volta<\/h6>\t\t\t\t\t\t\t\t<\/div>\n\t\t\t\t<\/div>\n\t\t\t\t\t<\/div>\n\t\t<\/div>\n\t\t\t\t\t<\/div>\n\t\t<\/section>\n\t\t\t\t<section class=\"elementor-section elementor-top-section elementor-element elementor-element-dc500ba elementor-section-boxed elementor-section-height-default elementor-section-height-default\" data-id=\"dc500ba\" data-element_type=\"section\" data-e-type=\"section\">\n\t\t\t\t\t\t<div class=\"elementor-container elementor-column-gap-default\">\n\t\t\t\t\t<div class=\"elementor-column elementor-col-33 elementor-top-column elementor-element elementor-element-a7d874a\" data-id=\"a7d874a\" data-element_type=\"column\" data-e-type=\"column\">\n\t\t\t<div class=\"elementor-widget-wrap elementor-element-populated\">\n\t\t\t\t\t\t<div class=\"elementor-element elementor-element-ae15984 elementor-widget elementor-widget-image\" data-id=\"ae15984\" data-element_type=\"widget\" data-e-type=\"widget\" data-widget_type=\"image.default\">\n\t\t\t\t<div class=\"elementor-widget-container\">\n\t\t\t\t\t\t\t\t\t\t\t\t\t\t\t<img decoding=\"async\" width=\"300\" height=\"206\" src=\"https:\/\/vandoren.fr\/wp-content\/uploads\/2022\/07\/florent-heau-2-300x206.jpg\" class=\"attachment-medium size-medium wp-image-32823\" alt=\"\" srcset=\"https:\/\/vandoren.fr\/wp-content\/uploads\/2022\/07\/florent-heau-2-300x206.jpg 300w, https:\/\/vandoren.fr\/wp-content\/uploads\/2022\/07\/florent-heau-2-768x527.jpg 768w, https:\/\/vandoren.fr\/wp-content\/uploads\/2022\/07\/florent-heau-2.jpg 960w\" sizes=\"(max-width: 300px) 100vw, 300px\" \/>\t\t\t\t\t\t\t\t\t\t\t\t\t\t\t<\/div>\n\t\t\t\t<\/div>\n\t\t\t\t\t<\/div>\n\t\t<\/div>\n\t\t\t\t<div class=\"elementor-column elementor-col-66 elementor-top-column elementor-element elementor-element-019978f\" data-id=\"019978f\" data-element_type=\"column\" data-e-type=\"column\">\n\t\t\t<div class=\"elementor-widget-wrap elementor-element-populated\">\n\t\t\t\t\t\t<div class=\"elementor-element elementor-element-ed636a6 elementor-widget elementor-widget-text-editor\" data-id=\"ed636a6\" data-element_type=\"widget\" data-e-type=\"widget\" data-widget_type=\"text-editor.default\">\n\t\t\t\t<div class=\"elementor-widget-container\">\n\t\t\t\t\t\t\t\t\t<p><strong style=\"color: var( --e-global-color-text ); font-family: var( --e-global-typography-text-font-family ), Lato;\">Comment Les Bons Becs sont-ils arriv\u00e9s dans ta carri\u00e8re ?<\/strong><br><\/p>\n<p>F.H. : \u00ab\u00a0Nous avons fait nos premiers essais et tentatives chor\u00e9graphiques alors que je venais juste de remporter le Concours International de Toulon. Autant dire qu&rsquo;il n&rsquo;y avait pas vraiment de plan de carri\u00e8re, mais ce qui est s\u00fbr, c&rsquo;est qu&rsquo;il y avait largement l&rsquo;envie de s&rsquo;amuser entre amis ! \u00e7a s&rsquo;est trouv\u00e9 comme \u00e7a \u00e0 l&rsquo;\u00e9poque, j&rsquo;avais simplement envie de vivre et d&rsquo;assumer de faire ce qui me faisait vibrer, sinc\u00e8rement et sans calcul\u00a0\u00bb.<\/p>\t\t\t\t\t\t\t\t<\/div>\n\t\t\t\t<\/div>\n\t\t\t\t\t<\/div>\n\t\t<\/div>\n\t\t\t\t\t<\/div>\n\t\t<\/section>\n\t\t\t\t<section class=\"elementor-section elementor-top-section elementor-element elementor-element-938815b elementor-section-boxed elementor-section-height-default elementor-section-height-default\" data-id=\"938815b\" data-element_type=\"section\" data-e-type=\"section\">\n\t\t\t\t\t\t<div class=\"elementor-container elementor-column-gap-default\">\n\t\t\t\t\t<div class=\"elementor-column elementor-col-100 elementor-top-column elementor-element elementor-element-ea24d22\" data-id=\"ea24d22\" data-element_type=\"column\" data-e-type=\"column\">\n\t\t\t<div class=\"elementor-widget-wrap elementor-element-populated\">\n\t\t\t\t\t\t<div class=\"elementor-element elementor-element-f21b490 elementor-widget elementor-widget-text-editor\" data-id=\"f21b490\" data-element_type=\"widget\" data-e-type=\"widget\" data-widget_type=\"text-editor.default\">\n\t\t\t\t<div class=\"elementor-widget-container\">\n\t\t\t\t\t\t\t\t\t<p><strong>Peut-on dire qu&rsquo;ils ont donc finalement ajout\u00e9 une corde de plus \u00e0 ton arc ?<\/strong><\/p><p>F.H. : \u00ab\u00a0Oui ! De fait, ma vie artistique s&rsquo;est rapidement partag\u00e9e entre trois activit\u00e9s : les concerts classiques, les spectacles des Bons Becs, et l&rsquo;enseignement. M\u00eame si un tel parcours peut para\u00eetre un peu atypique, nous vivons, et heureusement, une \u00e9poque o\u00f9 les choix artistiques hors des cadres habituels sont assez facilement accept\u00e9s et respect\u00e9s. J&rsquo;ai toujours fait des choix de coeur et de conviction ! Personnellement, je trouve plut\u00f4t amusante cette alternance du r\u00e9cital classique avec les spectacles des Bons Becs. \u00e7a correspond par exemple \u00e0 jouer en dansant des claquettes une semaine, et \u00e0 cr\u00e9er le concerto de Hersant ou donner une masterclass la semaine suivante ! Pour moi, c&rsquo;est devenu un mode de vie. Finalement, ce m\u00e9lange atypique d&rsquo;activit\u00e9s, c&rsquo;est un peu comme un grand \u00e9cart permanent et \u00e7a m&rsquo;apporte une forme d&rsquo;\u00e9quilibre et de plaisir artistique\u00a0\u00bb.<\/p>\t\t\t\t\t\t\t\t<\/div>\n\t\t\t\t<\/div>\n\t\t\t\t\t<\/div>\n\t\t<\/div>\n\t\t\t\t\t<\/div>\n\t\t<\/section>\n\t\t\t\t<section class=\"elementor-section elementor-top-section elementor-element elementor-element-c092ef2 elementor-section-boxed elementor-section-height-default elementor-section-height-default\" data-id=\"c092ef2\" data-element_type=\"section\" data-e-type=\"section\">\n\t\t\t\t\t\t<div class=\"elementor-container elementor-column-gap-default\">\n\t\t\t\t\t<div class=\"elementor-column elementor-col-66 elementor-top-column elementor-element elementor-element-47fe558\" data-id=\"47fe558\" data-element_type=\"column\" data-e-type=\"column\">\n\t\t\t<div class=\"elementor-widget-wrap elementor-element-populated\">\n\t\t\t\t\t\t<div class=\"elementor-element elementor-element-8138d3b elementor-widget elementor-widget-image\" data-id=\"8138d3b\" data-element_type=\"widget\" data-e-type=\"widget\" data-widget_type=\"image.default\">\n\t\t\t\t<div class=\"elementor-widget-container\">\n\t\t\t\t\t\t\t\t\t\t\t\t\t\t\t<img decoding=\"async\" width=\"1056\" height=\"573\" src=\"https:\/\/vandoren.fr\/wp-content\/uploads\/2022\/07\/florent-theo.jpg\" class=\"attachment-full size-full wp-image-32832\" alt=\"\" srcset=\"https:\/\/vandoren.fr\/wp-content\/uploads\/2022\/07\/florent-theo.jpg 1056w, https:\/\/vandoren.fr\/wp-content\/uploads\/2022\/07\/florent-theo-300x163.jpg 300w, https:\/\/vandoren.fr\/wp-content\/uploads\/2022\/07\/florent-theo-1024x556.jpg 1024w, https:\/\/vandoren.fr\/wp-content\/uploads\/2022\/07\/florent-theo-768x417.jpg 768w\" sizes=\"(max-width: 1056px) 100vw, 1056px\" \/>\t\t\t\t\t\t\t\t\t\t\t\t\t\t\t<\/div>\n\t\t\t\t<\/div>\n\t\t\t\t\t<\/div>\n\t\t<\/div>\n\t\t\t\t<div class=\"elementor-column elementor-col-33 elementor-top-column elementor-element elementor-element-ac27c25\" data-id=\"ac27c25\" data-element_type=\"column\" data-e-type=\"column\">\n\t\t\t<div class=\"elementor-widget-wrap elementor-element-populated\">\n\t\t\t\t\t\t<div class=\"elementor-element elementor-element-b09cfbb elementor-widget elementor-widget-text-editor\" data-id=\"b09cfbb\" data-element_type=\"widget\" data-e-type=\"widget\" data-widget_type=\"text-editor.default\">\n\t\t\t\t<div class=\"elementor-widget-container\">\n\t\t\t\t\t\t\t\t\t<p>\u00a0<\/p><p>\u00a0<\/p><p>\u00a0<\/p><p><em>Florent H\u00e9au, ici avec le remarquable accord\u00e9oniste Th\u00e9o Ould.<\/em><\/p><p><em>Retrouvez toutes les vid\u00e9os de ce duo d&rsquo;exception sur <a href=\"https:\/\/www.youtube.com\/c\/VANDORENTV\">notre cha\u00eene Vandoren TV<\/a>.<\/em><\/p>\t\t\t\t\t\t\t\t<\/div>\n\t\t\t\t<\/div>\n\t\t\t\t\t<\/div>\n\t\t<\/div>\n\t\t\t\t\t<\/div>\n\t\t<\/section>\n\t\t\t\t<section class=\"elementor-section elementor-top-section elementor-element elementor-element-15d38e1 elementor-section-boxed elementor-section-height-default elementor-section-height-default\" data-id=\"15d38e1\" data-element_type=\"section\" data-e-type=\"section\">\n\t\t\t\t\t\t<div class=\"elementor-container elementor-column-gap-default\">\n\t\t\t\t\t<div class=\"elementor-column elementor-col-100 elementor-top-column elementor-element elementor-element-42f2814\" data-id=\"42f2814\" data-element_type=\"column\" data-e-type=\"column\">\n\t\t\t<div class=\"elementor-widget-wrap elementor-element-populated\">\n\t\t\t\t\t\t<div class=\"elementor-element elementor-element-1a260e2 elementor-widget elementor-widget-text-editor\" data-id=\"1a260e2\" data-element_type=\"widget\" data-e-type=\"widget\" data-widget_type=\"text-editor.default\">\n\t\t\t\t<div class=\"elementor-widget-container\">\n\t\t\t\t\t\t\t\t\t<p><strong>Comment ces spectacles influencent-ils tes autres activit\u00e9s ?<\/strong><\/p><p>F.H. : \u00ab\u00a0Chaque spectacle stimule mon c\u00f4t\u00e9 cr\u00e9atif. Et aussi mon c\u00f4t\u00e9 r\u00e9cr\u00e9atif ! Ils ont \u00e9t\u00e9 l&rsquo;occasion de me former aux claquettes, d&rsquo;apprendre la scie musicale ou de d\u00e9velopper des num\u00e9ros avec une plombinette (instrument de la famille des castoramaphones, une exclusivit\u00e9 \u00ab\u00a0Bons Becs\u00a0\u00bb !). L&rsquo;exp\u00e9rience particuli\u00e8re du spectacle est tr\u00e8s enrichissante. On apprend \u00e0 occuper l&rsquo;espace sc\u00e9nique, on explore les langages corporels, par la danse ou des postures de jeu non conventionnelles, on touche \u00e0 la com\u00e9die, et la relation avec le public est tr\u00e8s particuli\u00e8re. Tout cela finit par impr\u00e9gner nos personnalit\u00e9s, et je le ressens aussi comme musicien classique et enseignant. Je pense que j&rsquo;ai une approche \u00e0 la fois traditionnelle et personnelle de l&rsquo;enseignement ; m\u00eame si je n&rsquo;insiste pas sur le travail particulier des Bons Becs, j&rsquo;ai une certaine mani\u00e8re de voir ou de ressentir les choses, qui est l\u00e0, en moi, quoi qu&rsquo;il arrive.\u00a0\u00bb<\/p>\t\t\t\t\t\t\t\t<\/div>\n\t\t\t\t<\/div>\n\t\t\t\t\t<\/div>\n\t\t<\/div>\n\t\t\t\t\t<\/div>\n\t\t<\/section>\n\t\t\t\t<section class=\"elementor-section elementor-top-section elementor-element elementor-element-a98bf8d elementor-section-boxed elementor-section-height-default elementor-section-height-default\" data-id=\"a98bf8d\" data-element_type=\"section\" data-e-type=\"section\">\n\t\t\t\t\t\t<div class=\"elementor-container elementor-column-gap-default\">\n\t\t\t\t\t<div class=\"elementor-column elementor-col-66 elementor-top-column elementor-element elementor-element-000cd6c\" data-id=\"000cd6c\" data-element_type=\"column\" data-e-type=\"column\">\n\t\t\t<div class=\"elementor-widget-wrap elementor-element-populated\">\n\t\t\t\t\t\t<div class=\"elementor-element elementor-element-33e7495 elementor-widget elementor-widget-image\" data-id=\"33e7495\" data-element_type=\"widget\" data-e-type=\"widget\" data-widget_type=\"image.default\">\n\t\t\t\t<div class=\"elementor-widget-container\">\n\t\t\t\t\t\t\t\t\t\t\t\t\t\t\t<img loading=\"lazy\" decoding=\"async\" width=\"923\" height=\"377\" src=\"https:\/\/vandoren.fr\/wp-content\/uploads\/2022\/07\/fh1.jpg\" class=\"attachment-large size-large wp-image-32841\" alt=\"\" srcset=\"https:\/\/vandoren.fr\/wp-content\/uploads\/2022\/07\/fh1.jpg 923w, https:\/\/vandoren.fr\/wp-content\/uploads\/2022\/07\/fh1-300x123.jpg 300w, https:\/\/vandoren.fr\/wp-content\/uploads\/2022\/07\/fh1-768x314.jpg 768w\" sizes=\"(max-width: 923px) 100vw, 923px\" \/>\t\t\t\t\t\t\t\t\t\t\t\t\t\t\t<\/div>\n\t\t\t\t<\/div>\n\t\t\t\t\t<\/div>\n\t\t<\/div>\n\t\t\t\t<div class=\"elementor-column elementor-col-33 elementor-top-column elementor-element elementor-element-8dcab44\" data-id=\"8dcab44\" data-element_type=\"column\" data-e-type=\"column\">\n\t\t\t<div class=\"elementor-widget-wrap elementor-element-populated\">\n\t\t\t\t\t\t<div class=\"elementor-element elementor-element-ffdf164 elementor-widget elementor-widget-text-editor\" data-id=\"ffdf164\" data-element_type=\"widget\" data-e-type=\"widget\" data-widget_type=\"text-editor.default\">\n\t\t\t\t<div class=\"elementor-widget-container\">\n\t\t\t\t\t\t\t\t\t<p>\u00a0<\/p><p>\u00a0<\/p><p><em><span style=\"color: var( --e-global-color-text ); font-family: var( --e-global-typography-text-font-family ), Lato; font-weight: var( --e-global-typography-text-font-weight );\">Avec Bruno Desmouilli\u00e8res, l&rsquo;indispensable percussionniste des Bons Becs !<\/span><\/em><\/p><p>\u00a0<\/p><h6>Cr\u00e9dit photo : Jean-Marc Volta<\/h6>\t\t\t\t\t\t\t\t<\/div>\n\t\t\t\t<\/div>\n\t\t\t\t\t<\/div>\n\t\t<\/div>\n\t\t\t\t\t<\/div>\n\t\t<\/section>\n\t\t\t\t<section class=\"elementor-section elementor-top-section elementor-element elementor-element-d9f5084 elementor-section-boxed elementor-section-height-default elementor-section-height-default\" data-id=\"d9f5084\" data-element_type=\"section\" data-e-type=\"section\">\n\t\t\t\t\t\t<div class=\"elementor-container elementor-column-gap-default\">\n\t\t\t\t\t<div class=\"elementor-column elementor-col-100 elementor-top-column elementor-element elementor-element-84a2b94\" data-id=\"84a2b94\" data-element_type=\"column\" data-e-type=\"column\">\n\t\t\t<div class=\"elementor-widget-wrap elementor-element-populated\">\n\t\t\t\t\t\t<div class=\"elementor-element elementor-element-8962219 elementor-widget elementor-widget-text-editor\" data-id=\"8962219\" data-element_type=\"widget\" data-e-type=\"widget\" data-widget_type=\"text-editor.default\">\n\t\t\t\t<div class=\"elementor-widget-container\">\n\t\t\t\t\t\t\t\t\t<p><strong style=\"color: var( --e-global-color-text ); font-family: var( --e-global-typography-text-font-family ), Lato;\">Quels conseils donnerais-tu aux jeunes qui voudraient se lancer dans la construction d&rsquo;un spectacle ?<\/strong><\/p><p>F.H. : \u00ab\u00a0Tout d&rsquo;abord, d&rsquo;en avoir le go\u00fbt et un d\u00e9sir ardent ! Se lancer dans le spectacle n\u00e9cessite aussi d&rsquo;avoir un minimum d&rsquo;aisance pour bouger et s&rsquo;exprimer en plus de l&rsquo;instrument. En g\u00e9n\u00e9ral, les d\u00e9buts sont vertigineux ! Monter un spectacle repr\u00e9sente un travail immense, et la forme finale est \u00e0 cr\u00e9er enti\u00e8rement. Je m&rsquo;explique : quand on entreprend de travailler un concerto, la forme existe depuis le d\u00e9but et d&rsquo;une certaine mani\u00e8re, c&rsquo;est beaucoup plus simple de se projeter. Construire un spectacle, c&rsquo;est partir vers l&rsquo;inconnu. La contrepartie g\u00e9niale, c&rsquo;est que tout reste possible et imaginable ! Aussi, il est fondamental de s&rsquo;entourer de personnes de confiance, musiciens comme metteurs en sc\u00e8ne. C&rsquo;est un travail qui met chacun face \u00e0 soi-m\u00eame, \u00e0 ses possibilit\u00e9s comme \u00e0 ses difficult\u00e9s. Il faut apprendre \u00e0 se laisser un temps d&rsquo;apprentissage diff\u00e9rent et \u00e0 \u00eatre patient.\u00a0\u00bb<\/p>\t\t\t\t\t\t\t\t<\/div>\n\t\t\t\t<\/div>\n\t\t\t\t\t<\/div>\n\t\t<\/div>\n\t\t\t\t\t<\/div>\n\t\t<\/section>\n\t\t\t\t<section class=\"elementor-section elementor-top-section elementor-element elementor-element-20a9f5c elementor-section-boxed elementor-section-height-default elementor-section-height-default\" data-id=\"20a9f5c\" data-element_type=\"section\" data-e-type=\"section\">\n\t\t\t\t\t\t<div class=\"elementor-container elementor-column-gap-default\">\n\t\t\t\t\t<div class=\"elementor-column elementor-col-100 elementor-top-column elementor-element elementor-element-43b96d4\" data-id=\"43b96d4\" data-element_type=\"column\" data-e-type=\"column\">\n\t\t\t<div class=\"elementor-widget-wrap elementor-element-populated\">\n\t\t\t\t\t\t<div class=\"elementor-element elementor-element-1076eac elementor-widget elementor-widget-image\" data-id=\"1076eac\" data-element_type=\"widget\" data-e-type=\"widget\" data-widget_type=\"image.default\">\n\t\t\t\t<div class=\"elementor-widget-container\">\n\t\t\t\t\t\t\t\t\t\t\t\t\t\t\t<img loading=\"lazy\" decoding=\"async\" width=\"768\" height=\"501\" src=\"https:\/\/vandoren.fr\/wp-content\/uploads\/2022\/07\/pedago-768x501.jpg\" class=\"attachment-medium_large size-medium_large wp-image-32850\" alt=\"\" srcset=\"https:\/\/vandoren.fr\/wp-content\/uploads\/2022\/07\/pedago-768x501.jpg 768w, https:\/\/vandoren.fr\/wp-content\/uploads\/2022\/07\/pedago-300x196.jpg 300w, https:\/\/vandoren.fr\/wp-content\/uploads\/2022\/07\/pedago-1024x667.jpg 1024w, https:\/\/vandoren.fr\/wp-content\/uploads\/2022\/07\/pedago.jpg 1292w\" sizes=\"(max-width: 768px) 100vw, 768px\" \/>\t\t\t\t\t\t\t\t\t\t\t\t\t\t\t<\/div>\n\t\t\t\t<\/div>\n\t\t\t\t\t<\/div>\n\t\t<\/div>\n\t\t\t\t\t<\/div>\n\t\t<\/section>\n\t\t\t\t<section class=\"elementor-section elementor-top-section elementor-element elementor-element-3409c00 elementor-section-boxed elementor-section-height-default elementor-section-height-default\" data-id=\"3409c00\" data-element_type=\"section\" data-e-type=\"section\">\n\t\t\t\t\t\t<div class=\"elementor-container elementor-column-gap-default\">\n\t\t\t\t\t<div class=\"elementor-column elementor-col-100 elementor-top-column elementor-element elementor-element-587a321\" data-id=\"587a321\" data-element_type=\"column\" data-e-type=\"column\">\n\t\t\t<div class=\"elementor-widget-wrap elementor-element-populated\">\n\t\t\t\t\t\t<div class=\"elementor-element elementor-element-b7cfbbb elementor-widget elementor-widget-text-editor\" data-id=\"b7cfbbb\" data-element_type=\"widget\" data-e-type=\"widget\" data-widget_type=\"text-editor.default\">\n\t\t\t\t<div class=\"elementor-widget-container\">\n\t\t\t\t\t\t\t\t\t<p><\/p>\n<p><strong style=\"color: var( --e-global-color-text ); font-family: var( --e-global-typography-text-font-family ), Lato;\">Un petit mot, pour finir, sur le r\u00f4le du mat\u00e9riel Vandoren dans tout \u00e7a ?<\/strong><br><\/p>\n<p>F.H. : \u00ab\u00a0Nous accordons beaucoup d&rsquo;importance \u00e0 la qualit\u00e9 musicale, ce qui est un challenge avec ce genre de spectacles, parfois acrobatiques. Nous sommes donc attentifs au mat\u00e9riel, c&rsquo;est-\u00e0-dire aux clarinettes, becs, anches, ligatures, qui nous permettent d&rsquo;obtenir la sonorit\u00e9 de groupe que nous recherchons et une certaine souplesse et aisance malgr\u00e9 les difficult\u00e9s pos\u00e9es par la mise en sc\u00e8ne, et ainsi de nous exprimer librement, et pleinement ! J&rsquo;ai r\u00e9cemment adopt\u00e9 la ligature Optimum finition Or rose. Elle permet une facilit\u00e9 d&rsquo;\u00e9mission, coupl\u00e9e \u00e0 une douceur et une rondeur de son particuli\u00e8res. Elle apporte un \u00e9clat particulier \u00e0 la sonorit\u00e9, qui me touche beaucoup !\u00a0\u00bb<\/p>\t\t\t\t\t\t\t\t<\/div>\n\t\t\t\t<\/div>\n\t\t\t\t\t<\/div>\n\t\t<\/div>\n\t\t\t\t\t<\/div>\n\t\t<\/section>\n\t\t\t\t<section class=\"elementor-section elementor-top-section elementor-element elementor-element-ce5b341 elementor-section-boxed elementor-section-height-default elementor-section-height-default\" data-id=\"ce5b341\" data-element_type=\"section\" data-e-type=\"section\">\n\t\t\t\t\t\t<div class=\"elementor-container elementor-column-gap-default\">\n\t\t\t\t\t<div class=\"elementor-column elementor-col-50 elementor-top-column elementor-element elementor-element-0473028\" data-id=\"0473028\" data-element_type=\"column\" data-e-type=\"column\">\n\t\t\t<div class=\"elementor-widget-wrap elementor-element-populated\">\n\t\t\t\t\t\t<div class=\"elementor-element elementor-element-c30a359 elementor-widget elementor-widget-text-editor\" data-id=\"c30a359\" data-element_type=\"widget\" data-e-type=\"widget\" data-widget_type=\"text-editor.default\">\n\t\t\t\t<div class=\"elementor-widget-container\">\n\t\t\t\t\t\t\t\t\t<p>\u00a0<\/p><p>\u00a0<\/p><p><strong>Florent H\u00e9au joue un bec Vandoren Black Diamond BD5, des anches V\u202212 n\u00b03,5 et une ligature OPTIMUM finition or rose.<\/strong><\/p>\t\t\t\t\t\t\t\t<\/div>\n\t\t\t\t<\/div>\n\t\t\t\t\t<\/div>\n\t\t<\/div>\n\t\t\t\t<div class=\"elementor-column elementor-col-50 elementor-top-column elementor-element elementor-element-ef47d24\" data-id=\"ef47d24\" data-element_type=\"column\" data-e-type=\"column\">\n\t\t\t<div class=\"elementor-widget-wrap elementor-element-populated\">\n\t\t\t\t\t\t<div class=\"elementor-element elementor-element-2d3906e elementor-widget elementor-widget-image\" data-id=\"2d3906e\" data-element_type=\"widget\" data-e-type=\"widget\" data-widget_type=\"image.default\">\n\t\t\t\t<div class=\"elementor-widget-container\">\n\t\t\t\t\t\t\t\t\t\t\t\t\t\t\t<img loading=\"lazy\" decoding=\"async\" width=\"257\" height=\"300\" src=\"https:\/\/vandoren.fr\/wp-content\/uploads\/2022\/07\/mat-fh-257x300.jpg\" class=\"attachment-medium size-medium wp-image-32886\" alt=\"\" srcset=\"https:\/\/vandoren.fr\/wp-content\/uploads\/2022\/07\/mat-fh-257x300.jpg 257w, https:\/\/vandoren.fr\/wp-content\/uploads\/2022\/07\/mat-fh.jpg 459w\" sizes=\"(max-width: 257px) 100vw, 257px\" \/>\t\t\t\t\t\t\t\t\t\t\t\t\t\t\t<\/div>\n\t\t\t\t<\/div>\n\t\t\t\t\t<\/div>\n\t\t<\/div>\n\t\t\t\t\t<\/div>\n\t\t<\/section>\n\t\t\t\t<\/div>\n\t\t","protected":false},"excerpt":{"rendered":"<p>Florent H\u00e9au nous partage son exp\u00e9rience avec les Bons Becs, \u00e0 l&rsquo;occasion de leur 30\u00b0 anniversaire.<\/p>\n","protected":false},"author":6,"featured_media":32898,"comment_status":"closed","ping_status":"closed","sticky":false,"template":"","format":"standard","meta":{"_seopress_robots_primary_cat":"none","_seopress_titles_title":"","_seopress_titles_desc":"","_seopress_robots_index":"","footnotes":""},"categories":[1,521],"tags":[],"class_list":["post-31334","post","type-post","status-publish","format-standard","has-post-thumbnail","hentry","category-actualites-vandoren","category-nouveautes-artistes"],"_links":{"self":[{"href":"https:\/\/vandoren.fr\/fr\/wp-json\/wp\/v2\/posts\/31334","targetHints":{"allow":["GET"]}}],"collection":[{"href":"https:\/\/vandoren.fr\/fr\/wp-json\/wp\/v2\/posts"}],"about":[{"href":"https:\/\/vandoren.fr\/fr\/wp-json\/wp\/v2\/types\/post"}],"author":[{"embeddable":true,"href":"https:\/\/vandoren.fr\/fr\/wp-json\/wp\/v2\/users\/6"}],"replies":[{"embeddable":true,"href":"https:\/\/vandoren.fr\/fr\/wp-json\/wp\/v2\/comments?post=31334"}],"version-history":[{"count":5,"href":"https:\/\/vandoren.fr\/fr\/wp-json\/wp\/v2\/posts\/31334\/revisions"}],"predecessor-version":[{"id":32912,"href":"https:\/\/vandoren.fr\/fr\/wp-json\/wp\/v2\/posts\/31334\/revisions\/32912"}],"wp:featuredmedia":[{"embeddable":true,"href":"https:\/\/vandoren.fr\/fr\/wp-json\/wp\/v2\/media\/32898"}],"wp:attachment":[{"href":"https:\/\/vandoren.fr\/fr\/wp-json\/wp\/v2\/media?parent=31334"}],"wp:term":[{"taxonomy":"category","embeddable":true,"href":"https:\/\/vandoren.fr\/fr\/wp-json\/wp\/v2\/categories?post=31334"},{"taxonomy":"post_tag","embeddable":true,"href":"https:\/\/vandoren.fr\/fr\/wp-json\/wp\/v2\/tags?post=31334"}],"curies":[{"name":"wp","href":"https:\/\/api.w.org\/{rel}","templated":true}]}}